{"id":1823,"date":"2025-06-02T20:35:03","date_gmt":"2025-06-02T18:35:03","guid":{"rendered":"https:\/\/cdsctyrlistek.cz\/?p=1823"},"modified":"2025-06-15T16:44:38","modified_gmt":"2025-06-15T14:44:38","slug":"v-rytmu-srdci-kdyz-deti-a-seniori-ladi-spolu","status":"publish","type":"post","link":"https:\/\/cdsctyrlistek.cz\/?p=1823","title":{"rendered":"V rytmu srdc\u00ed &#8211; kdy\u017e d\u011bti a senio\u0159i lad\u00ed spolu"},"content":{"rendered":"\n<div style=\"height:30px\" aria-hidden=\"true\" class=\"wp-block-spacer\"><\/div>\n\n\n\n<p class=\"wp-block-paragraph\">P\u0159ij\u010fte s n\u00e1mi pro\u017e\u00edt den pln\u00fd z\u00e1bavy a podpo\u0159it smysluplnou p\u00e9\u010di.<\/p>\n\n\n\n<div style=\"height:30px\" aria-hidden=\"true\" class=\"wp-block-spacer\"><\/div>\n\n\n\n<p class=\"wp-block-paragraph\">U\u017e jsme zmi\u0148ovali, kolik \u00fasil\u00ed stoj\u00ed za p\u0159\u00edpravou z\u00e1\u017eitkov\u00e9ho odpoledne. Ale za ka\u017edou takovou akc\u00ed je p\u0159edev\u0161\u00edm ochota n\u011bco vytvo\u0159it, sd\u00edlet a p\u0159edat ostatn\u00edm. <\/p>\n\n\n\n<div style=\"height:30px\" aria-hidden=\"true\" class=\"wp-block-spacer\"><\/div>\n\n\n\n<p class=\"wp-block-paragraph\">A u na\u0161\u00ed akce \u201eV rytmu srdc\u00ed \u2013 kdy\u017e d\u011bti a senio\u0159i lad\u00ed spolu\u201c st\u00e1l na jej\u00edm sam\u00e9m za\u010d\u00e1tku pan Jan Vitner, zn\u00e1m\u00fd jako pan Pohoda a jeho Divadlo Z bedny. Byl to pr\u00e1v\u011b on, kdo p\u0159i\u0161el s n\u00e1padem, inspirac\u00ed a velkou chut\u00ed b\u00fdt u toho. Zaji\u0161\u0165uje cel\u00fd pevn\u00fd program akce, kter\u00fd V\u00e1m nyn\u00ed s radost\u00ed p\u0159edkl\u00e1d\u00e1me.<\/p>\n\n\n\n<div style=\"height:30px\" aria-hidden=\"true\" class=\"wp-block-spacer\"><\/div>\n\n\n\n<p class=\"wp-block-paragraph\">P\u0159esn\u011b takov\u00fdch <a><\/a>lid\u00ed si v\u00e1\u017e\u00edme \u2013 t\u011bch, kte\u0159\u00ed rozd\u00e1vaj\u00ed radost a propojuj\u00ed sv\u011bt d\u011bt\u00ed a senior\u016f s lehkost\u00ed a nadhledem.<\/p>\n\n\n\n<p class=\"wp-block-paragraph\">D\u011bkujeme, pane Pohodo!<\/p>\n\n\n\n<div style=\"height:30px\" aria-hidden=\"true\" class=\"wp-block-spacer\"><\/div>\n\n\n\n<p class=\"wp-block-paragraph\">T\u011b\u0161\u00edme se na V\u00e1s i V\u00e1\u0161 program \u2013 v\u00edme, \u017ee op\u011bt rozesm\u011bjete mal\u00e9 i velk\u00e9.<img loading=\"lazy\" decoding=\"async\" height=\"16\" width=\"16\" alt=\"\ud83c\udf40\" src=\"https:\/\/static.xx.fbcdn.net\/images\/emoji.php\/v9\/t87\/1\/16\/1f340.png\"><\/p>\n\n\n\n<div style=\"height:100px\" aria-hidden=\"true\" class=\"wp-block-spacer\"><\/div>\n","protected":false},"excerpt":{"rendered":"<p>P\u0159ij\u010fte s n\u00e1mi pro\u017e\u00edt den pln\u00fd z\u00e1bavy a podpo\u0159it smysluplnou p\u00e9\u010di. U\u017e jsme zmi\u0148ovali, kolik \u00fasil\u00ed stoj\u00ed za p\u0159\u00edpravou z\u00e1\u017eitkov\u00e9ho odpoledne. Ale za ka\u017edou takovou akc\u00ed je p\u0159edev\u0161\u00edm ochota n\u011bco vytvo\u0159it, sd\u00edlet a p\u0159edat ostatn\u00edm. A u na\u0161\u00ed akce \u201eV rytmu srdc\u00ed \u2013 kdy\u017e d\u011bti a senio\u0159i lad\u00ed spolu\u201c st\u00e1l na jej\u00edm sam\u00e9m za\u010d\u00e1tku pan [&hellip;]<\/p>\n","protected":false},"author":1,"featured_media":1824,"comment_status":"open","ping_status":"open","sticky":true,"template":"","format":"standard","meta":{"_regular_price":[],"currency_symbol":[],"footnotes":""},"categories":[18],"tags":[],"class_list":["post-1823","post","type-post","status-publish","format-standard","has-post-thumbnail","hentry","category-aktuality"],"post_slider_layout_featured_media_urls":{"thumbnail":["https:\/\/cdsctyrlistek.cz\/wp-content\/uploads\/2025\/06\/vrytmu-150x150.jpg",150,150,true],"post_slider_layout_landscape_large":["https:\/\/cdsctyrlistek.cz\/wp-content\/uploads\/2025\/06\/vrytmu-e1748889498800.jpg",275,200,false],"post_slider_layout_portrait_large":["https:\/\/cdsctyrlistek.cz\/wp-content\/uploads\/2025\/06\/vrytmu-e1748889498800.jpg",275,200,false],"post_slider_layout_square_large":["https:\/\/cdsctyrlistek.cz\/wp-content\/uploads\/2025\/06\/vrytmu-e1748889498800.jpg",275,200,false],"post_slider_layout_landscape":["https:\/\/cdsctyrlistek.cz\/wp-content\/uploads\/2025\/06\/vrytmu-600x400.jpg",600,400,true],"post_slider_layout_portrait":["https:\/\/cdsctyrlistek.cz\/wp-content\/uploads\/2025\/06\/vrytmu-600x524.jpg",600,524,true],"post_slider_layout_square":["https:\/\/cdsctyrlistek.cz\/wp-content\/uploads\/2025\/06\/vrytmu-600x524.jpg",600,524,true],"full":["https:\/\/cdsctyrlistek.cz\/wp-content\/uploads\/2025\/06\/vrytmu-e1748889498800.jpg",275,200,false]},"yoast_head":"<!-- This site is optimized with the Yoast SEO plugin v28.4 - https:\/\/yoast.com\/product\/yoast-seo-wordpress\/ -->\n<title>V rytmu srdc\u00ed - kdy\u017e d\u011bti a senio\u0159i lad\u00ed spolu - \u010dty\u0159l\u00edstek<\/title>\n<meta name=\"robots\" content=\"index, follow, max-snippet:-1, max-image-preview:large, max-video-preview:-1\" \/>\n<link rel=\"canonical\" href=\"https:\/\/cdsctyrlistek.cz\/?p=1823\" \/>\n<meta property=\"og:locale\" content=\"cs_CZ\" \/>\n<meta property=\"og:type\" content=\"article\" \/>\n<meta property=\"og:title\" content=\"V rytmu srdc\u00ed - kdy\u017e d\u011bti a senio\u0159i lad\u00ed spolu - \u010dty\u0159l\u00edstek\" \/>\n<meta property=\"og:description\" content=\"P\u0159ij\u010fte s n\u00e1mi pro\u017e\u00edt den pln\u00fd z\u00e1bavy a podpo\u0159it smysluplnou p\u00e9\u010di. U\u017e jsme zmi\u0148ovali, kolik \u00fasil\u00ed stoj\u00ed za p\u0159\u00edpravou z\u00e1\u017eitkov\u00e9ho odpoledne. Ale za ka\u017edou takovou akc\u00ed je p\u0159edev\u0161\u00edm ochota n\u011bco vytvo\u0159it, sd\u00edlet a p\u0159edat ostatn\u00edm. A u na\u0161\u00ed akce \u201eV rytmu srdc\u00ed \u2013 kdy\u017e d\u011bti a senio\u0159i lad\u00ed spolu\u201c st\u00e1l na jej\u00edm sam\u00e9m za\u010d\u00e1tku pan [&hellip;]\" \/>\n<meta property=\"og:url\" content=\"https:\/\/cdsctyrlistek.cz\/?p=1823\" \/>\n<meta property=\"og:site_name\" content=\"\u010dty\u0159l\u00edstek\" \/>\n<meta property=\"article:published_time\" content=\"2025-06-02T18:35:03+00:00\" \/>\n<meta property=\"article:modified_time\" content=\"2025-06-15T14:44:38+00:00\" \/>\n<meta property=\"og:image\" content=\"https:\/\/cdsctyrlistek.cz\/wp-content\/uploads\/2025\/06\/vrytmu-e1748889498800.jpg\" \/>\n\t<meta property=\"og:image:width\" content=\"275\" \/>\n\t<meta property=\"og:image:height\" content=\"200\" \/>\n\t<meta property=\"og:image:type\" content=\"image\/jpeg\" \/>\n<meta name=\"author\" content=\"Busek\" \/>\n<meta name=\"twitter:card\" content=\"summary_large_image\" \/>\n<meta name=\"twitter:label1\" content=\"Napsal(a)\" \/>\n\t<meta name=\"twitter:data1\" content=\"Busek\" \/>\n\t<meta name=\"twitter:label2\" content=\"Odhadovan\u00e1 doba \u010dten\u00ed\" \/>\n\t<meta name=\"twitter:data2\" content=\"2 minuty\" \/>\n<script type=\"application\/ld+json\" class=\"yoast-schema-graph\">{\"@context\":\"https:\\\/\\\/schema.org\",\"@graph\":[{\"@type\":\"Article\",\"@id\":\"https:\\\/\\\/cdsctyrlistek.cz\\\/?p=1823#article\",\"isPartOf\":{\"@id\":\"https:\\\/\\\/cdsctyrlistek.cz\\\/?p=1823\"},\"author\":{\"name\":\"Busek\",\"@id\":\"https:\\\/\\\/cdsctyrlistek.cz\\\/#\\\/schema\\\/person\\\/cdf9cea7e916287d47bc37e918ed2e22\"},\"headline\":\"V rytmu srdc\u00ed &#8211; kdy\u017e d\u011bti a senio\u0159i lad\u00ed spolu\",\"datePublished\":\"2025-06-02T18:35:03+00:00\",\"dateModified\":\"2025-06-15T14:44:38+00:00\",\"mainEntityOfPage\":{\"@id\":\"https:\\\/\\\/cdsctyrlistek.cz\\\/?p=1823\"},\"wordCount\":188,\"commentCount\":0,\"publisher\":{\"@id\":\"https:\\\/\\\/cdsctyrlistek.cz\\\/#organization\"},\"image\":{\"@id\":\"https:\\\/\\\/cdsctyrlistek.cz\\\/?p=1823#primaryimage\"},\"thumbnailUrl\":\"https:\\\/\\\/cdsctyrlistek.cz\\\/wp-content\\\/uploads\\\/2025\\\/06\\\/vrytmu-e1748889498800.jpg\",\"articleSection\":[\"Aktuality\"],\"inLanguage\":\"cs\",\"potentialAction\":[{\"@type\":\"CommentAction\",\"name\":\"Comment\",\"target\":[\"https:\\\/\\\/cdsctyrlistek.cz\\\/?p=1823#respond\"]}]},{\"@type\":\"WebPage\",\"@id\":\"https:\\\/\\\/cdsctyrlistek.cz\\\/?p=1823\",\"url\":\"https:\\\/\\\/cdsctyrlistek.cz\\\/?p=1823\",\"name\":\"V rytmu srdc\u00ed - kdy\u017e d\u011bti a senio\u0159i lad\u00ed spolu - \u010dty\u0159l\u00edstek\",\"isPartOf\":{\"@id\":\"https:\\\/\\\/cdsctyrlistek.cz\\\/#website\"},\"primaryImageOfPage\":{\"@id\":\"https:\\\/\\\/cdsctyrlistek.cz\\\/?p=1823#primaryimage\"},\"image\":{\"@id\":\"https:\\\/\\\/cdsctyrlistek.cz\\\/?p=1823#primaryimage\"},\"thumbnailUrl\":\"https:\\\/\\\/cdsctyrlistek.cz\\\/wp-content\\\/uploads\\\/2025\\\/06\\\/vrytmu-e1748889498800.jpg\",\"datePublished\":\"2025-06-02T18:35:03+00:00\",\"dateModified\":\"2025-06-15T14:44:38+00:00\",\"breadcrumb\":{\"@id\":\"https:\\\/\\\/cdsctyrlistek.cz\\\/?p=1823#breadcrumb\"},\"inLanguage\":\"cs\",\"potentialAction\":[{\"@type\":\"ReadAction\",\"target\":[\"https:\\\/\\\/cdsctyrlistek.cz\\\/?p=1823\"]}]},{\"@type\":\"ImageObject\",\"inLanguage\":\"cs\",\"@id\":\"https:\\\/\\\/cdsctyrlistek.cz\\\/?p=1823#primaryimage\",\"url\":\"https:\\\/\\\/cdsctyrlistek.cz\\\/wp-content\\\/uploads\\\/2025\\\/06\\\/vrytmu-e1748889498800.jpg\",\"contentUrl\":\"https:\\\/\\\/cdsctyrlistek.cz\\\/wp-content\\\/uploads\\\/2025\\\/06\\\/vrytmu-e1748889498800.jpg\",\"width\":275,\"height\":200},{\"@type\":\"BreadcrumbList\",\"@id\":\"https:\\\/\\\/cdsctyrlistek.cz\\\/?p=1823#breadcrumb\",\"itemListElement\":[{\"@type\":\"ListItem\",\"position\":1,\"name\":\"Dom\u016f\",\"item\":\"https:\\\/\\\/cdsctyrlistek.cz\\\/\"},{\"@type\":\"ListItem\",\"position\":2,\"name\":\"V rytmu srdc\u00ed &#8211; kdy\u017e d\u011bti a senio\u0159i lad\u00ed spolu\"}]},{\"@type\":\"WebSite\",\"@id\":\"https:\\\/\\\/cdsctyrlistek.cz\\\/#website\",\"url\":\"https:\\\/\\\/cdsctyrlistek.cz\\\/\",\"name\":\"\u010dty\u0159l\u00edstek\",\"description\":\"ter\u00e9nn\u00ed odleh\u010dovac\u00ed slu\u017eby v Karlovarsk\u00e9m kraji\",\"publisher\":{\"@id\":\"https:\\\/\\\/cdsctyrlistek.cz\\\/#organization\"},\"potentialAction\":[{\"@type\":\"SearchAction\",\"target\":{\"@type\":\"EntryPoint\",\"urlTemplate\":\"https:\\\/\\\/cdsctyrlistek.cz\\\/?s={search_term_string}\"},\"query-input\":{\"@type\":\"PropertyValueSpecification\",\"valueRequired\":true,\"valueName\":\"search_term_string\"}}],\"inLanguage\":\"cs\"},{\"@type\":\"Organization\",\"@id\":\"https:\\\/\\\/cdsctyrlistek.cz\\\/#organization\",\"name\":\"\u010dty\u0159l\u00edstek\",\"url\":\"https:\\\/\\\/cdsctyrlistek.cz\\\/\",\"logo\":{\"@type\":\"ImageObject\",\"inLanguage\":\"cs\",\"@id\":\"https:\\\/\\\/cdsctyrlistek.cz\\\/#\\\/schema\\\/logo\\\/image\\\/\",\"url\":\"https:\\\/\\\/cdsctyrlistek.cz\\\/wp-content\\\/uploads\\\/2024\\\/10\\\/cropped-logo.png\",\"contentUrl\":\"https:\\\/\\\/cdsctyrlistek.cz\\\/wp-content\\\/uploads\\\/2024\\\/10\\\/cropped-logo.png\",\"width\":240,\"height\":240,\"caption\":\"\u010dty\u0159l\u00edstek\"},\"image\":{\"@id\":\"https:\\\/\\\/cdsctyrlistek.cz\\\/#\\\/schema\\\/logo\\\/image\\\/\"}},{\"@type\":\"Person\",\"@id\":\"https:\\\/\\\/cdsctyrlistek.cz\\\/#\\\/schema\\\/person\\\/cdf9cea7e916287d47bc37e918ed2e22\",\"name\":\"Busek\",\"image\":{\"@type\":\"ImageObject\",\"inLanguage\":\"cs\",\"@id\":\"https:\\\/\\\/secure.gravatar.com\\\/avatar\\\/4fbb47b816afae223d575451c0f47076b07d703a5897d439eeb79e759d6dee4b?s=96&d=mm&r=g\",\"url\":\"https:\\\/\\\/secure.gravatar.com\\\/avatar\\\/4fbb47b816afae223d575451c0f47076b07d703a5897d439eeb79e759d6dee4b?s=96&d=mm&r=g\",\"contentUrl\":\"https:\\\/\\\/secure.gravatar.com\\\/avatar\\\/4fbb47b816afae223d575451c0f47076b07d703a5897d439eeb79e759d6dee4b?s=96&d=mm&r=g\",\"caption\":\"Busek\"},\"sameAs\":[\"https:\\\/\\\/web.cdsctyrlistek.cz\"],\"url\":\"https:\\\/\\\/cdsctyrlistek.cz\\\/?author=1\"}]}<\/script>\n<!-- \/ Yoast SEO plugin. -->","yoast_head_json":{"title":"V rytmu srdc\u00ed - kdy\u017e d\u011bti a senio\u0159i lad\u00ed spolu - \u010dty\u0159l\u00edstek","robots":{"index":"index","follow":"follow","max-snippet":"max-snippet:-1","max-image-preview":"max-image-preview:large","max-video-preview":"max-video-preview:-1"},"canonical":"https:\/\/cdsctyrlistek.cz\/?p=1823","og_locale":"cs_CZ","og_type":"article","og_title":"V rytmu srdc\u00ed - kdy\u017e d\u011bti a senio\u0159i lad\u00ed spolu - \u010dty\u0159l\u00edstek","og_description":"P\u0159ij\u010fte s n\u00e1mi pro\u017e\u00edt den pln\u00fd z\u00e1bavy a podpo\u0159it smysluplnou p\u00e9\u010di. U\u017e jsme zmi\u0148ovali, kolik \u00fasil\u00ed stoj\u00ed za p\u0159\u00edpravou z\u00e1\u017eitkov\u00e9ho odpoledne. Ale za ka\u017edou takovou akc\u00ed je p\u0159edev\u0161\u00edm ochota n\u011bco vytvo\u0159it, sd\u00edlet a p\u0159edat ostatn\u00edm. A u na\u0161\u00ed akce \u201eV rytmu srdc\u00ed \u2013 kdy\u017e d\u011bti a senio\u0159i lad\u00ed spolu\u201c st\u00e1l na jej\u00edm sam\u00e9m za\u010d\u00e1tku pan [&hellip;]","og_url":"https:\/\/cdsctyrlistek.cz\/?p=1823","og_site_name":"\u010dty\u0159l\u00edstek","article_published_time":"2025-06-02T18:35:03+00:00","article_modified_time":"2025-06-15T14:44:38+00:00","og_image":[{"width":275,"height":200,"url":"https:\/\/cdsctyrlistek.cz\/wp-content\/uploads\/2025\/06\/vrytmu-e1748889498800.jpg","type":"image\/jpeg"}],"author":"Busek","twitter_card":"summary_large_image","twitter_misc":{"Napsal(a)":"Busek","Odhadovan\u00e1 doba \u010dten\u00ed":"2 minuty"},"schema":{"@context":"https:\/\/schema.org","@graph":[{"@type":"Article","@id":"https:\/\/cdsctyrlistek.cz\/?p=1823#article","isPartOf":{"@id":"https:\/\/cdsctyrlistek.cz\/?p=1823"},"author":{"name":"Busek","@id":"https:\/\/cdsctyrlistek.cz\/#\/schema\/person\/cdf9cea7e916287d47bc37e918ed2e22"},"headline":"V rytmu srdc\u00ed &#8211; kdy\u017e d\u011bti a senio\u0159i lad\u00ed spolu","datePublished":"2025-06-02T18:35:03+00:00","dateModified":"2025-06-15T14:44:38+00:00","mainEntityOfPage":{"@id":"https:\/\/cdsctyrlistek.cz\/?p=1823"},"wordCount":188,"commentCount":0,"publisher":{"@id":"https:\/\/cdsctyrlistek.cz\/#organization"},"image":{"@id":"https:\/\/cdsctyrlistek.cz\/?p=1823#primaryimage"},"thumbnailUrl":"https:\/\/cdsctyrlistek.cz\/wp-content\/uploads\/2025\/06\/vrytmu-e1748889498800.jpg","articleSection":["Aktuality"],"inLanguage":"cs","potentialAction":[{"@type":"CommentAction","name":"Comment","target":["https:\/\/cdsctyrlistek.cz\/?p=1823#respond"]}]},{"@type":"WebPage","@id":"https:\/\/cdsctyrlistek.cz\/?p=1823","url":"https:\/\/cdsctyrlistek.cz\/?p=1823","name":"V rytmu srdc\u00ed - kdy\u017e d\u011bti a senio\u0159i lad\u00ed spolu - \u010dty\u0159l\u00edstek","isPartOf":{"@id":"https:\/\/cdsctyrlistek.cz\/#website"},"primaryImageOfPage":{"@id":"https:\/\/cdsctyrlistek.cz\/?p=1823#primaryimage"},"image":{"@id":"https:\/\/cdsctyrlistek.cz\/?p=1823#primaryimage"},"thumbnailUrl":"https:\/\/cdsctyrlistek.cz\/wp-content\/uploads\/2025\/06\/vrytmu-e1748889498800.jpg","datePublished":"2025-06-02T18:35:03+00:00","dateModified":"2025-06-15T14:44:38+00:00","breadcrumb":{"@id":"https:\/\/cdsctyrlistek.cz\/?p=1823#breadcrumb"},"inLanguage":"cs","potentialAction":[{"@type":"ReadAction","target":["https:\/\/cdsctyrlistek.cz\/?p=1823"]}]},{"@type":"ImageObject","inLanguage":"cs","@id":"https:\/\/cdsctyrlistek.cz\/?p=1823#primaryimage","url":"https:\/\/cdsctyrlistek.cz\/wp-content\/uploads\/2025\/06\/vrytmu-e1748889498800.jpg","contentUrl":"https:\/\/cdsctyrlistek.cz\/wp-content\/uploads\/2025\/06\/vrytmu-e1748889498800.jpg","width":275,"height":200},{"@type":"BreadcrumbList","@id":"https:\/\/cdsctyrlistek.cz\/?p=1823#breadcrumb","itemListElement":[{"@type":"ListItem","position":1,"name":"Dom\u016f","item":"https:\/\/cdsctyrlistek.cz\/"},{"@type":"ListItem","position":2,"name":"V rytmu srdc\u00ed &#8211; kdy\u017e d\u011bti a senio\u0159i lad\u00ed spolu"}]},{"@type":"WebSite","@id":"https:\/\/cdsctyrlistek.cz\/#website","url":"https:\/\/cdsctyrlistek.cz\/","name":"\u010dty\u0159l\u00edstek","description":"ter\u00e9nn\u00ed odleh\u010dovac\u00ed slu\u017eby v Karlovarsk\u00e9m kraji","publisher":{"@id":"https:\/\/cdsctyrlistek.cz\/#organization"},"potentialAction":[{"@type":"SearchAction","target":{"@type":"EntryPoint","urlTemplate":"https:\/\/cdsctyrlistek.cz\/?s={search_term_string}"},"query-input":{"@type":"PropertyValueSpecification","valueRequired":true,"valueName":"search_term_string"}}],"inLanguage":"cs"},{"@type":"Organization","@id":"https:\/\/cdsctyrlistek.cz\/#organization","name":"\u010dty\u0159l\u00edstek","url":"https:\/\/cdsctyrlistek.cz\/","logo":{"@type":"ImageObject","inLanguage":"cs","@id":"https:\/\/cdsctyrlistek.cz\/#\/schema\/logo\/image\/","url":"https:\/\/cdsctyrlistek.cz\/wp-content\/uploads\/2024\/10\/cropped-logo.png","contentUrl":"https:\/\/cdsctyrlistek.cz\/wp-content\/uploads\/2024\/10\/cropped-logo.png","width":240,"height":240,"caption":"\u010dty\u0159l\u00edstek"},"image":{"@id":"https:\/\/cdsctyrlistek.cz\/#\/schema\/logo\/image\/"}},{"@type":"Person","@id":"https:\/\/cdsctyrlistek.cz\/#\/schema\/person\/cdf9cea7e916287d47bc37e918ed2e22","name":"Busek","image":{"@type":"ImageObject","inLanguage":"cs","@id":"https:\/\/secure.gravatar.com\/avatar\/4fbb47b816afae223d575451c0f47076b07d703a5897d439eeb79e759d6dee4b?s=96&d=mm&r=g","url":"https:\/\/secure.gravatar.com\/avatar\/4fbb47b816afae223d575451c0f47076b07d703a5897d439eeb79e759d6dee4b?s=96&d=mm&r=g","contentUrl":"https:\/\/secure.gravatar.com\/avatar\/4fbb47b816afae223d575451c0f47076b07d703a5897d439eeb79e759d6dee4b?s=96&d=mm&r=g","caption":"Busek"},"sameAs":["https:\/\/web.cdsctyrlistek.cz"],"url":"https:\/\/cdsctyrlistek.cz\/?author=1"}]}},"_links":{"self":[{"href":"https:\/\/cdsctyrlistek.cz\/index.php?rest_route=\/wp\/v2\/posts\/1823","targetHints":{"allow":["GET"]}}],"collection":[{"href":"https:\/\/cdsctyrlistek.cz\/index.php?rest_route=\/wp\/v2\/posts"}],"about":[{"href":"https:\/\/cdsctyrlistek.cz\/index.php?rest_route=\/wp\/v2\/types\/post"}],"author":[{"embeddable":true,"href":"https:\/\/cdsctyrlistek.cz\/index.php?rest_route=\/wp\/v2\/users\/1"}],"replies":[{"embeddable":true,"href":"https:\/\/cdsctyrlistek.cz\/index.php?rest_route=%2Fwp%2Fv2%2Fcomments&post=1823"}],"version-history":[{"count":3,"href":"https:\/\/cdsctyrlistek.cz\/index.php?rest_route=\/wp\/v2\/posts\/1823\/revisions"}],"predecessor-version":[{"id":1838,"href":"https:\/\/cdsctyrlistek.cz\/index.php?rest_route=\/wp\/v2\/posts\/1823\/revisions\/1838"}],"wp:featuredmedia":[{"embeddable":true,"href":"https:\/\/cdsctyrlistek.cz\/index.php?rest_route=\/wp\/v2\/media\/1824"}],"wp:attachment":[{"href":"https:\/\/cdsctyrlistek.cz\/index.php?rest_route=%2Fwp%2Fv2%2Fmedia&parent=1823"}],"wp:term":[{"taxonomy":"category","embeddable":true,"href":"https:\/\/cdsctyrlistek.cz\/index.php?rest_route=%2Fwp%2Fv2%2Fcategories&post=1823"},{"taxonomy":"post_tag","embeddable":true,"href":"https:\/\/cdsctyrlistek.cz\/index.php?rest_route=%2Fwp%2Fv2%2Ftags&post=1823"}],"curies":[{"name":"wp","href":"https:\/\/api.w.org\/{rel}","templated":true}]}}